{"id":847,"date":"2025-09-23T09:40:46","date_gmt":"2025-09-23T07:40:46","guid":{"rendered":"https:\/\/www.primorpelli.it\/lineapelle-milan\/"},"modified":"2024-06-29T09:40:46","modified_gmt":"2024-06-29T07:40:46","slug":"lineapelle-milan","status":"publish","type":"post","link":"https:\/\/www.primorpelli.it\/fr\/lineapelle-milan\/","title":{"rendered":"Lineapelle Milan"},"content":{"rendered":"<p>Nous serons pr\u00e9sents \u00e0 Lineapelle de Milan, l&rsquo;un des \u00e9v\u00e9nements les plus importants au niveau mondial pour l&rsquo;industrie du cuir et des accessoires. La manifestation se tiendra du 17 au 19 septembre 2024 au parc des expositions de Fiera Milano Rho, et repr\u00e9sentera une vitrine d&rsquo;exception pour les nouveaut\u00e9s et les tendances de la saison Hiver 2026. Lineapelle, reconnue comme un rendez-vous incontournable pour les professionnels du secteur, accueillera exposants et visiteurs du monde entier, offrant une plateforme id\u00e9ale pour le r\u00e9seautage et la pr\u00e9sentation d&rsquo;innovations. Primorpelli, avec sa longue tradition d&rsquo;excellence et de durabilit\u00e9, se distingue par la qualit\u00e9 sup\u00e9rieure de ses cuirs et par son attention aux exigences du march\u00e9 global. Pendant le salon, Primorpelli exposera une s\u00e9lection exclusive de ses nouveaux \u00e9chantillons, d\u00e9velopp\u00e9s sp\u00e9cifiquement pour la saison Hiver 2026. Les visiteurs auront l&rsquo;opportunit\u00e9 de d\u00e9couvrir les derni\u00e8res tendances en termes de couleurs, textures et traitements innovants, fruits d&rsquo;un travail m\u00e9ticuleux de recherche et d\u00e9veloppement. La participation de Primorpelli \u00e0 Lineapelle est une confirmation suppl\u00e9mentaire de son r\u00f4le de leader dans le secteur, toujours \u00e0 l&rsquo;avant-garde dans la proposition de solutions cr\u00e9atives et durables. Lineapelle Milan s&rsquo;affirme encore une fois comme un \u00e9v\u00e9nement de r\u00e9f\u00e9rence pour l&rsquo;industrie du cuir, r\u00e9unissant plus de 1 200 exposants et attirant plus de 20 000 visiteurs. C&rsquo;est l&rsquo;occasion parfaite pour \u00e9tablir de nouvelles collaborations, explorer des march\u00e9s \u00e9mergents et discuter des d\u00e9fis et des opportunit\u00e9s du secteur avec des experts et des coll\u00e8gues. L&rsquo;engagement de Primorpelli dans la qualit\u00e9 et l&rsquo;innovation sera bien visible dans les \u00e9chantillons pr\u00e9sent\u00e9s \u00e0 Lineapelle, qui refl\u00e8tent les demandes d&rsquo;un march\u00e9 de plus en plus attentif \u00e0 la durabilit\u00e9 et \u00e0 l&rsquo;excellence. Le salon offrira un regard privil\u00e9gi\u00e9 sur les nouvelles collections et permettra d&rsquo;appr\u00e9cier de pr\u00e8s le travail artisanal et technologique qui distingue la production de Primorpelli. Ne manquez pas l&rsquo;occasion de visiter le stand de Primorpelli \u00e0 Lineapelle Milan et de d\u00e9couvrir les nouveaut\u00e9s qui d\u00e9finiront la mode et le design de la prochaine saison. Un \u00e9v\u00e9nement \u00e0 ne pas manquer pour tous les professionnels du secteur, qui souhaitent rester \u00e0 jour et inspir\u00e9s par les derni\u00e8res innovations dans le monde du cuir. Pour plus d&rsquo;informations sur la participation de Primorpelli au salon et pour des d\u00e9tails sur les \u00e9chantillons expos\u00e9s, visitez le site officiel de l&rsquo;entreprise ou suivez leurs r\u00e9seaux sociaux pour des mises \u00e0 jour continues.             <\/p>\n","protected":false},"excerpt":{"rendered":"<p>Nous serons pr\u00e9sents \u00e0 Lineapelle de Milan, l&rsquo;un des \u00e9v\u00e9nements les plus importants au niveau mondial pour l&rsquo;industrie du cuir et des accessoires. La manifestation se tiendra du 17 au 19 septembre 2024 au parc des expositions de Fiera Milano Rho, et repr\u00e9sentera une vitrine d&rsquo;exception pour les nouveaut\u00e9s et les tendances de la saison [&hellip;]<\/p>\n","protected":false},"author":1,"featured_media":1085,"comment_status":"closed","ping_status":"closed","sticky":false,"template":"","format":"standard","meta":{"_acf_changed":false,"footnotes":""},"categories":[40],"tags":[41,42],"class_list":["post-847","post","type-post","status-publish","format-standard","has-post-thumbnail","hentry","category-foires-et-evenements","tag-lineapelle-fr","tag-lineapelle2024-fr"],"acf":[],"yoast_head":"<!-- This site is optimized with the Yoast SEO plugin v22.8 - https:\/\/yoast.com\/wordpress\/plugins\/seo\/ -->\n<title>Lineapelle Milan - Primor Pelli<\/title>\n<meta name=\"robots\" content=\"noindex, follow\" \/>\n<meta property=\"og:locale\" content=\"fr_FR\" \/>\n<meta property=\"og:type\" content=\"article\" \/>\n<meta property=\"og:title\" content=\"Lineapelle Milan - Primor Pelli\" \/>\n<meta property=\"og:description\" content=\"Nous serons pr\u00e9sents \u00e0 Lineapelle de Milan, l&rsquo;un des \u00e9v\u00e9nements les plus importants au niveau mondial pour l&rsquo;industrie du cuir et des accessoires. La manifestation se tiendra du 17 au 19 septembre 2024 au parc des expositions de Fiera Milano Rho, et repr\u00e9sentera une vitrine d&rsquo;exception pour les nouveaut\u00e9s et les tendances de la saison [&hellip;]\" \/>\n<meta property=\"og:url\" content=\"https:\/\/www.primorpelli.it\/fr\/lineapelle-milan\/\" \/>\n<meta property=\"og:site_name\" content=\"Primor Pelli\" \/>\n<meta property=\"article:published_time\" content=\"2025-09-23T07:40:46+00:00\" \/>\n<meta property=\"article:modified_time\" content=\"2024-06-29T07:40:46+00:00\" \/>\n<meta property=\"og:image\" content=\"https:\/\/www.primorpelli.it\/wp-content\/uploads\/2024\/02\/lineapelleSett24.png\" \/>\n\t<meta property=\"og:image:width\" content=\"966\" \/>\n\t<meta property=\"og:image:height\" content=\"770\" \/>\n\t<meta property=\"og:image:type\" content=\"image\/png\" \/>\n<meta name=\"author\" content=\"admin\" \/>\n<meta name=\"twitter:card\" content=\"summary_large_image\" \/>\n<meta name=\"twitter:label1\" content=\"\u00c9crit par\" \/>\n\t<meta name=\"twitter:data1\" content=\"admin\" \/>\n\t<meta name=\"twitter:label2\" content=\"Dur\u00e9e de lecture estim\u00e9e\" \/>\n\t<meta name=\"twitter:data2\" content=\"2 minutes\" \/>\n<script type=\"application\/ld+json\" class=\"yoast-schema-graph\">{\"@context\":\"https:\/\/schema.org\",\"@graph\":[{\"@type\":\"WebPage\",\"@id\":\"https:\/\/www.primorpelli.it\/fr\/lineapelle-milan\/\",\"url\":\"https:\/\/www.primorpelli.it\/fr\/lineapelle-milan\/\",\"name\":\"Lineapelle Milan - Primor Pelli\",\"isPartOf\":{\"@id\":\"https:\/\/www.primorpelli.it\/fr\/#website\"},\"primaryImageOfPage\":{\"@id\":\"https:\/\/www.primorpelli.it\/fr\/lineapelle-milan\/#primaryimage\"},\"image\":{\"@id\":\"https:\/\/www.primorpelli.it\/fr\/lineapelle-milan\/#primaryimage\"},\"thumbnailUrl\":\"https:\/\/www.primorpelli.it\/wp-content\/uploads\/2024\/02\/IMG_20220222_132344_280.webp\",\"datePublished\":\"2025-09-23T07:40:46+00:00\",\"dateModified\":\"2024-06-29T07:40:46+00:00\",\"author\":{\"@id\":\"https:\/\/www.primorpelli.it\/fr\/#\/schema\/person\/dfe65c795c2cdec4d1bc6f0500feed15\"},\"breadcrumb\":{\"@id\":\"https:\/\/www.primorpelli.it\/fr\/lineapelle-milan\/#breadcrumb\"},\"inLanguage\":\"fr-FR\",\"potentialAction\":[{\"@type\":\"ReadAction\",\"target\":[\"https:\/\/www.primorpelli.it\/fr\/lineapelle-milan\/\"]}]},{\"@type\":\"ImageObject\",\"inLanguage\":\"fr-FR\",\"@id\":\"https:\/\/www.primorpelli.it\/fr\/lineapelle-milan\/#primaryimage\",\"url\":\"https:\/\/www.primorpelli.it\/wp-content\/uploads\/2024\/02\/IMG_20220222_132344_280.webp\",\"contentUrl\":\"https:\/\/www.primorpelli.it\/wp-content\/uploads\/2024\/02\/IMG_20220222_132344_280.webp\",\"width\":1080,\"height\":1080},{\"@type\":\"BreadcrumbList\",\"@id\":\"https:\/\/www.primorpelli.it\/fr\/lineapelle-milan\/#breadcrumb\",\"itemListElement\":[{\"@type\":\"ListItem\",\"position\":1,\"name\":\"Home\",\"item\":\"https:\/\/www.primorpelli.it\/fr\/home\/\"},{\"@type\":\"ListItem\",\"position\":2,\"name\":\"Lineapelle Milan\"}]},{\"@type\":\"WebSite\",\"@id\":\"https:\/\/www.primorpelli.it\/fr\/#website\",\"url\":\"https:\/\/www.primorpelli.it\/fr\/\",\"name\":\"Primor Pelli\",\"description\":\"Eccellenza e Innovazione\",\"potentialAction\":[{\"@type\":\"SearchAction\",\"target\":{\"@type\":\"EntryPoint\",\"urlTemplate\":\"https:\/\/www.primorpelli.it\/fr\/?s={search_term_string}\"},\"query-input\":\"required name=search_term_string\"}],\"inLanguage\":\"fr-FR\"},{\"@type\":\"Person\",\"@id\":\"https:\/\/www.primorpelli.it\/fr\/#\/schema\/person\/dfe65c795c2cdec4d1bc6f0500feed15\",\"name\":\"admin\",\"image\":{\"@type\":\"ImageObject\",\"inLanguage\":\"fr-FR\",\"@id\":\"https:\/\/www.primorpelli.it\/fr\/#\/schema\/person\/image\/\",\"url\":\"https:\/\/secure.gravatar.com\/avatar\/23d4a4e45c26266e5cf7e856664aa8fa35dfdaec5b777f91c8e106e08d35fe71?s=96&d=mm&r=g\",\"contentUrl\":\"https:\/\/secure.gravatar.com\/avatar\/23d4a4e45c26266e5cf7e856664aa8fa35dfdaec5b777f91c8e106e08d35fe71?s=96&d=mm&r=g\",\"caption\":\"admin\"},\"sameAs\":[\"https:\/\/primorpelli.it\"],\"url\":\"https:\/\/www.primorpelli.it\/fr\/author\/info_15s3rykj\/\"}]}<\/script>\n<!-- \/ Yoast SEO plugin. -->","yoast_head_json":{"title":"Lineapelle Milan - Primor Pelli","robots":{"index":"noindex","follow":"follow"},"og_locale":"fr_FR","og_type":"article","og_title":"Lineapelle Milan - Primor Pelli","og_description":"Nous serons pr\u00e9sents \u00e0 Lineapelle de Milan, l&rsquo;un des \u00e9v\u00e9nements les plus importants au niveau mondial pour l&rsquo;industrie du cuir et des accessoires. La manifestation se tiendra du 17 au 19 septembre 2024 au parc des expositions de Fiera Milano Rho, et repr\u00e9sentera une vitrine d&rsquo;exception pour les nouveaut\u00e9s et les tendances de la saison [&hellip;]","og_url":"https:\/\/www.primorpelli.it\/fr\/lineapelle-milan\/","og_site_name":"Primor Pelli","article_published_time":"2025-09-23T07:40:46+00:00","article_modified_time":"2024-06-29T07:40:46+00:00","og_image":[{"width":966,"height":770,"url":"https:\/\/www.primorpelli.it\/wp-content\/uploads\/2024\/02\/lineapelleSett24.png","type":"image\/png"}],"author":"admin","twitter_card":"summary_large_image","twitter_misc":{"\u00c9crit par":"admin","Dur\u00e9e de lecture estim\u00e9e":"2 minutes"},"schema":{"@context":"https:\/\/schema.org","@graph":[{"@type":"WebPage","@id":"https:\/\/www.primorpelli.it\/fr\/lineapelle-milan\/","url":"https:\/\/www.primorpelli.it\/fr\/lineapelle-milan\/","name":"Lineapelle Milan - Primor Pelli","isPartOf":{"@id":"https:\/\/www.primorpelli.it\/fr\/#website"},"primaryImageOfPage":{"@id":"https:\/\/www.primorpelli.it\/fr\/lineapelle-milan\/#primaryimage"},"image":{"@id":"https:\/\/www.primorpelli.it\/fr\/lineapelle-milan\/#primaryimage"},"thumbnailUrl":"https:\/\/www.primorpelli.it\/wp-content\/uploads\/2024\/02\/IMG_20220222_132344_280.webp","datePublished":"2025-09-23T07:40:46+00:00","dateModified":"2024-06-29T07:40:46+00:00","author":{"@id":"https:\/\/www.primorpelli.it\/fr\/#\/schema\/person\/dfe65c795c2cdec4d1bc6f0500feed15"},"breadcrumb":{"@id":"https:\/\/www.primorpelli.it\/fr\/lineapelle-milan\/#breadcrumb"},"inLanguage":"fr-FR","potentialAction":[{"@type":"ReadAction","target":["https:\/\/www.primorpelli.it\/fr\/lineapelle-milan\/"]}]},{"@type":"ImageObject","inLanguage":"fr-FR","@id":"https:\/\/www.primorpelli.it\/fr\/lineapelle-milan\/#primaryimage","url":"https:\/\/www.primorpelli.it\/wp-content\/uploads\/2024\/02\/IMG_20220222_132344_280.webp","contentUrl":"https:\/\/www.primorpelli.it\/wp-content\/uploads\/2024\/02\/IMG_20220222_132344_280.webp","width":1080,"height":1080},{"@type":"BreadcrumbList","@id":"https:\/\/www.primorpelli.it\/fr\/lineapelle-milan\/#breadcrumb","itemListElement":[{"@type":"ListItem","position":1,"name":"Home","item":"https:\/\/www.primorpelli.it\/fr\/home\/"},{"@type":"ListItem","position":2,"name":"Lineapelle Milan"}]},{"@type":"WebSite","@id":"https:\/\/www.primorpelli.it\/fr\/#website","url":"https:\/\/www.primorpelli.it\/fr\/","name":"Primor Pelli","description":"Eccellenza e Innovazione","potentialAction":[{"@type":"SearchAction","target":{"@type":"EntryPoint","urlTemplate":"https:\/\/www.primorpelli.it\/fr\/?s={search_term_string}"},"query-input":"required name=search_term_string"}],"inLanguage":"fr-FR"},{"@type":"Person","@id":"https:\/\/www.primorpelli.it\/fr\/#\/schema\/person\/dfe65c795c2cdec4d1bc6f0500feed15","name":"admin","image":{"@type":"ImageObject","inLanguage":"fr-FR","@id":"https:\/\/www.primorpelli.it\/fr\/#\/schema\/person\/image\/","url":"https:\/\/secure.gravatar.com\/avatar\/23d4a4e45c26266e5cf7e856664aa8fa35dfdaec5b777f91c8e106e08d35fe71?s=96&d=mm&r=g","contentUrl":"https:\/\/secure.gravatar.com\/avatar\/23d4a4e45c26266e5cf7e856664aa8fa35dfdaec5b777f91c8e106e08d35fe71?s=96&d=mm&r=g","caption":"admin"},"sameAs":["https:\/\/primorpelli.it"],"url":"https:\/\/www.primorpelli.it\/fr\/author\/info_15s3rykj\/"}]}},"_links":{"self":[{"href":"https:\/\/www.primorpelli.it\/fr\/wp-json\/wp\/v2\/posts\/847","targetHints":{"allow":["GET"]}}],"collection":[{"href":"https:\/\/www.primorpelli.it\/fr\/wp-json\/wp\/v2\/posts"}],"about":[{"href":"https:\/\/www.primorpelli.it\/fr\/wp-json\/wp\/v2\/types\/post"}],"author":[{"embeddable":true,"href":"https:\/\/www.primorpelli.it\/fr\/wp-json\/wp\/v2\/users\/1"}],"replies":[{"embeddable":true,"href":"https:\/\/www.primorpelli.it\/fr\/wp-json\/wp\/v2\/comments?post=847"}],"version-history":[{"count":0,"href":"https:\/\/www.primorpelli.it\/fr\/wp-json\/wp\/v2\/posts\/847\/revisions"}],"wp:featuredmedia":[{"embeddable":true,"href":"https:\/\/www.primorpelli.it\/fr\/wp-json\/wp\/v2\/media\/1085"}],"wp:attachment":[{"href":"https:\/\/www.primorpelli.it\/fr\/wp-json\/wp\/v2\/media?parent=847"}],"wp:term":[{"taxonomy":"category","embeddable":true,"href":"https:\/\/www.primorpelli.it\/fr\/wp-json\/wp\/v2\/categories?post=847"},{"taxonomy":"post_tag","embeddable":true,"href":"https:\/\/www.primorpelli.it\/fr\/wp-json\/wp\/v2\/tags?post=847"}],"curies":[{"name":"wp","href":"https:\/\/api.w.org\/{rel}","templated":true}]}}